{"id":899,"date":"2020-09-16T10:45:21","date_gmt":"2020-09-16T10:45:21","guid":{"rendered":"http:\/\/www.ilhamtohtiinstitute.org\/?p=899"},"modified":"2020-09-20T16:28:52","modified_gmt":"2020-09-20T16:28:52","slug":"das-ilham-tohti-institut-ladt-sie-ganz-herzlich-zu-einer-webinar-konferenz-ein","status":"publish","type":"post","link":"http:\/\/www.ilhamtohtiinstitute.org\/?p=899","title":{"rendered":"Das Ilham Tohti Institut l\u00e4dt Sie ganz herzlich zu einer Webinar Konferenz ein"},"content":{"rendered":"\n<p>Sehr geehrte Damen und Herren,<\/p>\n\n\n\n<p>Das Ilham Tohti Institut l\u00e4dt Sie ganz herzlich zu einer Webinar Konferenz ein.&nbsp;<\/p>\n\n\n\n<p>Heute, der 23. September ist der 6. Jahrestag von Ilham Tohti, der zur lebenslanger Haft verurteilt wurde. Das bedeutet auch, dass es der 6. Jahrestag des V\u00f6lkermords an den Uiguren durch den chinesischen Staat ist.\u00a0<\/p>\n\n\n\n<p>Aus diesem Grund veranstaltet das Ilham Tohti Institut eine Webinar Konferenz in 4 Sprachen ( Englisch, Deutsch, T\u00fcrkisch und Uigurisch) und versucht dadurch, die Stimme Ilham Tohtis sowie der Uiguren zu sein und ruft die Welt\u00f6ffentlichkeit dazu auf, gemeinsam einen Weg zu finden, um den V\u00f6lkermord zu stoppen.&nbsp;<\/p>\n\n\n\n<p>An dieser Webinar Konferenz nehmen mehr als 20 Referenten\/ Referentinnen teil, darunter Wissenschaftler, Politiker, Menschenrechtler aus unterschiedlichen L\u00e4nder sowie Sch\u00fcler von Ilham Tohti. Sie werden \u00fcber Ilham Tohtis Kampf und \u00fcber seinen Einsatz, Uiguren eine Perspektive zu geben, berichten. Desweiteren werden sie \u00fcber die aktuelle Lage und L\u00f6sungsm\u00f6glichkeiten sprechen.<\/p>\n\n\n\n<p>Bei der Gelegenheit m\u00f6chten wir uns bei Allen, die uns seit Jahren mit allen Mitteln unterst\u00fctzt haben und unseren Referenten\/ Referentinnen sowie denen, die bei der Vorbereitung dieser Webinar Konferenz unterst\u00fctzend mitgewirkt haben, ganz herzlich bedanken.<\/p>\n\n\n\n<p>Wir freuen uns auf zahlreiche Teilnehmer und hoffen, ,dass wir Ihre Aufmerksamkeit und Ihr Interesse geweckt haben.<\/p>\n\n\n\n<p>Das Ilham Tohti Institut bedankt sich ganz herzlich!<\/p>\n\n\n\n<p><strong><span class=\"has-inline-color has-vivid-red-color\">Seien Sie dabei: ZOOM<\/span><\/strong><br><a href=\"https:\/\/us02web.zoom.us\/webinar\/register\/WN_3wtN3TSSSLSQjJgxvFtr1g\">https:\/\/us02web.zoom.us\/webinar\/register\/WN_3wtN3TSSSLSQjJgxvFtr1g<\/a><br><span class=\"has-inline-color has-vivid-red-color\">Webinar ID: 823 3645 4595<\/span><br><br>Organisiert vom Ilham Tohti Institute<br><a href=\"http:\/\/www.ilhamtohtiinstitute.org\/?p=899\" target=\"_blank\" rel=\"noreferrer noopener\">www.ilhamtohtiinstitute.org\/?p=899<\/a><\/p>\n\n\n\n<p><\/p>\n","protected":false},"excerpt":{"rendered":"<p>Sehr geehrte Damen und Herren, Das Ilham Tohti Institut l\u00e4dt Sie ganz herzlich zu einer Webinar Konferenz ein.&nbsp; Heute, der 23. September ist der 6. Jahrestag von Ilham Tohti, der zur lebenslanger Haft verurteilt wurde. Das bedeutet auch, dass es der 6. Jahrestag des V\u00f6lkermords an den Uiguren durch den chinesischen Staat ist.\u00a0 Aus diesem Grund veranstaltet das Ilham Tohti Institut eine Webinar Konferenz in 4 Sprachen ( Englisch, Deutsch, T\u00fcrkisch und Uigurisch) und versucht dadurch, die Stimme Ilham Tohtis sowie der Uiguren zu sein und ruft die Welt\u00f6ffentlichkeit dazu auf, gemeinsam einen Weg zu finden, um den V\u00f6lkermord zu stoppen.&nbsp; An dieser Webinar Konferenz nehmen mehr als 20 Referenten\/ Referentinnen teil, darunter Wissenschaftler, Politiker, Menschenrechtler aus unterschiedlichen L\u00e4nder sowie Sch\u00fcler von Ilham Tohti. Sie werden \u00fcber Ilham Tohtis Kampf und \u00fcber seinen Einsatz, Uiguren eine Perspektive zu geben, berichten. Desweiteren werden sie \u00fcber die aktuelle Lage und L\u00f6sungsm\u00f6glichkeiten sprechen. Bei der Gelegenheit m\u00f6chten wir uns bei Allen, die uns seit Jahren mit allen Mitteln unterst\u00fctzt haben und unseren Referenten\/ Referentinnen sowie denen, die bei der Vorbereitung dieser Webinar Konferenz unterst\u00fctzend mitgewirkt haben, ganz herzlich bedanken. Wir freuen uns auf zahlreiche Teilnehmer und hoffen, ,dass wir Ihre Aufmerksamkeit und Ihr Interesse geweckt haben. Das Ilham Tohti Institut bedankt sich ganz herzlich! Seien Sie dabei: ZOOMhttps:\/\/us02web.zoom.us\/webinar\/register\/WN_3wtN3TSSSLSQjJgxvFtr1gWebinar ID: 823 3645 4595 Organisiert vom Ilham Tohti Institutewww.ilhamtohtiinstitute.org\/?p=899<\/p>\n","protected":false},"author":1,"featured_media":900,"comment_status":"closed","ping_status":"closed","sticky":false,"template":"","format":"standard","meta":{"footnotes":""},"categories":[135,6,27,35],"tags":[138],"_links":{"self":[{"href":"http:\/\/www.ilhamtohtiinstitute.org\/index.php?rest_route=\/wp\/v2\/posts\/899"}],"collection":[{"href":"http:\/\/www.ilhamtohtiinstitute.org\/index.php?rest_route=\/wp\/v2\/posts"}],"about":[{"href":"http:\/\/www.ilhamtohtiinstitute.org\/index.php?rest_route=\/wp\/v2\/types\/post"}],"author":[{"embeddable":true,"href":"http:\/\/www.ilhamtohtiinstitute.org\/index.php?rest_route=\/wp\/v2\/users\/1"}],"replies":[{"embeddable":true,"href":"http:\/\/www.ilhamtohtiinstitute.org\/index.php?rest_route=%2Fwp%2Fv2%2Fcomments&post=899"}],"version-history":[{"count":2,"href":"http:\/\/www.ilhamtohtiinstitute.org\/index.php?rest_route=\/wp\/v2\/posts\/899\/revisions"}],"predecessor-version":[{"id":914,"href":"http:\/\/www.ilhamtohtiinstitute.org\/index.php?rest_route=\/wp\/v2\/posts\/899\/revisions\/914"}],"wp:featuredmedia":[{"embeddable":true,"href":"http:\/\/www.ilhamtohtiinstitute.org\/index.php?rest_route=\/wp\/v2\/media\/900"}],"wp:attachment":[{"href":"http:\/\/www.ilhamtohtiinstitute.org\/index.php?rest_route=%2Fwp%2Fv2%2Fmedia&parent=899"}],"wp:term":[{"taxonomy":"category","embeddable":true,"href":"http:\/\/www.ilhamtohtiinstitute.org\/index.php?rest_route=%2Fwp%2Fv2%2Fcategories&post=899"},{"taxonomy":"post_tag","embeddable":true,"href":"http:\/\/www.ilhamtohtiinstitute.org\/index.php?rest_route=%2Fwp%2Fv2%2Ftags&post=899"}],"curies":[{"name":"wp","href":"https:\/\/api.w.org\/{rel}","templated":true}]}}